{"id":1345,"date":"2019-05-21T05:53:31","date_gmt":"2019-05-21T05:53:31","guid":{"rendered":"https:\/\/strelcibalkana.com\/?p=1345"},"modified":"2020-06-23T06:55:32","modified_gmt":"2020-06-23T06:55:32","slug":"rezultati-1-kolo-balkanske-lige-2019-zagreb","status":"publish","type":"post","link":"https:\/\/strelcibalkana.com\/sr\/rezultati-1-kolo-balkanske-lige-2019-zagreb\/","title":{"rendered":"Rezultati &#8211; 1. kolo Balkanske lige 2019 (Zagreb)"},"content":{"rendered":"<div><strong>Rezultati: <\/strong><\/div>\n<ul>\n<li><strong><a href=\"https:\/\/strelcibalkana.com\/wp-content\/uploads\/2019\/05\/F-TR-300-Pojedinacno.pdf\">F-TR 300 Pojedinacno<\/a> <\/strong><\/li>\n<li><strong><a href=\"https:\/\/strelcibalkana.com\/wp-content\/uploads\/2019\/05\/F-TR-300-Ekipno.pdf\">F-TR 300 Ekipno<\/a><\/strong><\/li>\n<li><strong> <a href=\"https:\/\/strelcibalkana.com\/wp-content\/uploads\/2019\/05\/F-TR-100-Pojedinacno.pdf\">F-TR 100 Pojedinacno<\/a> <\/strong><\/li>\n<li><strong><a href=\"https:\/\/strelcibalkana.com\/wp-content\/uploads\/2019\/05\/F-TR-100-Ekipno.pdf\">F-TR 100 Ekipno<\/a> <\/strong><\/li>\n<li><strong><a href=\"https:\/\/strelcibalkana.com\/wp-content\/uploads\/2019\/05\/F-TR-.22-Pojedinacno.pdf\">F-TR .22 Pojedinacno<\/a><\/strong><\/li>\n<li><strong> <a href=\"https:\/\/strelcibalkana.com\/wp-content\/uploads\/2019\/05\/F-TR-.22-Ekipno.pdf\">F-TR .22 Ekipno<\/a><\/strong><\/li>\n<li><strong> <a href=\"https:\/\/strelcibalkana.com\/wp-content\/uploads\/2019\/05\/F-OP-300-Pojedinacno.pdf\">F-OP 300 Pojedinacno<\/a><\/strong><\/li>\n<li><strong> <a href=\"https:\/\/strelcibalkana.com\/wp-content\/uploads\/2019\/05\/F-OP-300-Ekipno.pdf\">F-OP 300 Ekipno<\/a> <\/strong><\/li>\n<li><strong><a href=\"https:\/\/strelcibalkana.com\/wp-content\/uploads\/2019\/05\/F-OP-100-Pojedinacno.pdf\">F-OP 100 Pojedinacno<\/a><\/strong><\/li>\n<li><strong> <a href=\"https:\/\/strelcibalkana.com\/wp-content\/uploads\/2019\/05\/F-OP-100-Ekipno.pdf\">F-OP 100 Ekipno<\/a><\/strong><\/li>\n<\/ul>\n<p>U Zagrebu se 7. aprila odvijalo 1. Kolo Balkanske lige 2019. Takmi\u010dari, koji su bili iz svih dr\u017eava biv\u0161e Jugoslavije, su odmjerili snage u slede\u0107im disciplinama : : F-Open 100 in 300 m, F-Target (B) 100 i 300 m te F-Target .22 LR 100 m.<\/p>\n<p>Streli\u0161te (<a href=\"https:\/\/www.facebook.com\/pages\/Streljana-Vrapcanski-Potok\/546652552050003\">Vrap\u010danski potok<\/a>) je bilo veoma dobro pripremljeno, izme\u0111u ostalog ga\u0111ale su se elektronske mete, \u0161to do sada u Balkanskoj ligi nismo vidjeli. To je bio i prvi put da je Hrvatska organizovala takmi\u010denje u sklopu Balkanske lige. Na takmi\u010denju je u\u010destvovao veliki broj takmi\u010dara.<\/p>\n<p>Svim takmi\u010darima iskreno \u010destitamo i \u017eelimo im dosta uspjeha na dolaze\u0107im takmi\u010denjima.<\/p>\n<p>\/\/<\/p>\n<p>\u0423 \u0417\u0430\u0433\u0440\u0435\u0431\u0443 \u0441\u0435 7. \u0430\u043f\u0440\u0438\u043b\u0430 \u043e\u0434\u0432\u0438\u0458\u0430\u043b\u043e 1. \u041a\u043e\u043b\u043e \u0411\u0430\u043b\u043a\u0430\u043d\u0441\u043a\u0435 \u043b\u0438\u0433\u0435 2019. \u0422\u0430\u043a\u043c\u0438\u0447\u0430\u0440\u0438, \u043a\u043e\u0458\u0438 \u0441\u0443 \u0431\u0438\u043b\u0438 \u0438\u0437 \u0441\u0432\u0438\u0445 \u0434\u0440\u0436\u0430\u0432\u0430 \u0431\u0438\u0432\u0448\u0435 \u0408\u0443\u0433\u043e\u0441\u043b\u0430\u0432\u0438\u0458\u0435, \u0441\u0443 \u043e\u0434\u043c\u0458\u0435\u0440\u0438\u043b\u0438 \u0441\u043d\u0430\u0433\u0435 \u0443 \u0441\u043b\u0435\u0434\u0435\u045b\u0438\u043c \u0434\u0438\u0441\u0446\u0438\u043f\u043b\u0438\u043d\u0430\u043c\u0430 : : \u0424-\u041e\u043f\u0435\u043d 100 \u0438\u043d 300 \u043c, \u0424-\u0422\u0430\u0440\u0433\u0435\u0442 (\u0411) 100 \u0438 300 \u043c \u0442\u0435 \u0424-\u0422\u0430\u0440\u0433\u0435\u0442 .22 \u041b\u0420 100 \u043c.<\/p>\n<p>\u0421\u0442\u0440\u0435\u043b\u0438\u0448\u0442\u0435 (<a href=\"https:\/\/www.facebook.com\/pages\/Streljana-Vrapcanski-Potok\/546652552050003\">\u0412\u0440\u0430\u043f\u0447\u0430\u043d\u0441\u043a\u0438 \u043f\u043e\u0442\u043e\u043a<\/a>) \u0458\u0435 \u0431\u0438\u043b\u043e \u0432\u0435\u043e\u043c\u0430 \u0434\u043e\u0431\u0440\u043e \u043f\u0440\u0438\u043f\u0440\u0435\u043c\u0459\u0435\u043d\u043e, \u0438\u0437\u043c\u0435\u0452\u0443 \u043e\u0441\u0442\u0430\u043b\u043e\u0433 \u0433\u0430\u0452\u0430\u043b\u0435 \u0441\u0443 \u0441\u0435 \u0435\u043b\u0435\u043a\u0442\u0440\u043e\u043d\u0441\u043a\u0435 \u043c\u0435\u0442\u0435, \u0448\u0442\u043e \u0434\u043e \u0441\u0430\u0434\u0430 \u0443 \u0411\u0430\u043b\u043a\u0430\u043d\u0441\u043a\u043e\u0458 \u043b\u0438\u0433\u0438 \u043d\u0438\u0441\u043c\u043e \u0432\u0438\u0452\u0435\u043b\u0438. \u0422\u043e \u0458\u0435 \u0431\u0438\u043e \u0438 \u043f\u0440\u0432\u0438 \u043f\u0443\u0442 \u0434\u0430 \u0458\u0435 \u0425\u0440\u0432\u0430\u0442\u0441\u043a\u0430 \u043e\u0440\u0433\u0430\u043d\u0438\u0437\u043e\u0432\u0430\u043b\u0430 \u0442\u0430\u043a\u043c\u0438\u0447\u0435\u045a\u0435 \u0443 \u0441\u043a\u043b\u043e\u043f\u0443 \u0411\u0430\u043b\u043a\u0430\u043d\u0441\u043a\u0435 \u043b\u0438\u0433\u0435. \u041d\u0430 \u0442\u0430\u043a\u043c\u0438\u0447\u0435\u045a\u0443 \u0458\u0435 \u0443\u0447\u0435\u0441\u0442\u0432\u043e\u0432\u0430\u043e \u0432\u0435\u043b\u0438\u043a\u0438 \u0431\u0440\u043e\u0458 \u0442\u0430\u043a\u043c\u0438\u0447\u0430\u0440\u0430.<\/p>\n<p>\u0421\u0432\u0438\u043c \u0442\u0430\u043a\u043c\u0438\u0447\u0430\u0440\u0438\u043c\u0430 \u0438\u0441\u043a\u0440\u0435\u043d\u043e \u0447\u0435\u0441\u0442\u0438\u0442\u0430\u043c\u043e \u0438 \u0436\u0435\u043b\u0438\u043c\u043e \u0438\u043c \u0434\u043e\u0441\u0442\u0430 \u0443\u0441\u043f\u0458\u0435\u0445\u0430 \u043d\u0430 \u0434\u043e\u043b\u0430\u0437\u0435\u045b\u0438\u043c \u0442\u0430\u043a\u043c\u0438\u0447\u0435\u045a\u0438\u043c\u0430.<\/p>\n","protected":false},"excerpt":{"rendered":"<p>Rezultati: F-TR 300 Pojedinacno F-TR 300 Ekipno F-TR 100 Pojedinacno F-TR 100 Ekipno F-TR .22 Pojedinacno F-TR .22 Ekipno F-OP 300 Pojedinacno F-OP 300 Ekipno F-OP 100 Pojedinacno F-OP 100&hellip;&nbsp;<a href=\"https:\/\/strelcibalkana.com\/sr\/rezultati-1-kolo-balkanske-lige-2019-zagreb\/\" class=\"\" rel=\"bookmark\">\u041f\u0440\u043e\u0447\u0438\u0442\u0430\u0458 \u0432\u0438\u0448\u0435 &raquo;<span class=\"screen-reader-text\">Rezultati &#8211; 1. kolo Balkanske lige 2019 (Zagreb)<\/span><\/a><\/p>\n","protected":false},"author":3,"featured_media":1358,"comment_status":"open","ping_status":"open","sticky":false,"template":"","format":"standard","meta":{"_monsterinsights_skip_tracking":false,"_monsterinsights_sitenote_active":false,"_monsterinsights_sitenote_note":"","_monsterinsights_sitenote_category":0,"neve_meta_sidebar":"","neve_meta_container":"","neve_meta_enable_content_width":"off","neve_meta_content_width":0,"neve_meta_title_alignment":"","neve_meta_author_avatar":"","neve_post_elements_order":"","neve_meta_disable_header":"","neve_meta_disable_footer":"","neve_meta_disable_title":"","neve_meta_reading_time":"","_jetpack_memberships_contains_paid_content":false,"footnotes":""},"categories":[319],"tags":[],"yoast_head":"<!-- This site is optimized with the Yoast SEO plugin v22.6 - https:\/\/yoast.com\/wordpress\/plugins\/seo\/ -->\n<title>Rezultati - 1. kolo Balkanske lige 2019 (Zagreb) - Strelci Balkana<\/title>\n<meta name=\"robots\" content=\"index, follow, max-snippet:-1, max-image-preview:large, max-video-preview:-1\" \/>\n<link rel=\"canonical\" href=\"https:\/\/strelcibalkana.com\/sr\/rezultati-1-kolo-balkanske-lige-2019-zagreb\/\" \/>\n<meta property=\"og:locale\" content=\"sr_RS\" \/>\n<meta property=\"og:type\" content=\"article\" \/>\n<meta property=\"og:title\" content=\"Rezultati - 1. kolo Balkanske lige 2019 (Zagreb) - Strelci Balkana\" \/>\n<meta property=\"og:description\" content=\"Rezultati: F-TR 300 Pojedinacno F-TR 300 Ekipno F-TR 100 Pojedinacno F-TR 100 Ekipno F-TR .22 Pojedinacno F-TR .22 Ekipno F-OP 300 Pojedinacno F-OP 300 Ekipno F-OP 100 Pojedinacno F-OP 100&hellip;&nbsp;\u041f\u0440\u043e\u0447\u0438\u0442\u0430\u0458 \u0432\u0438\u0448\u0435 &raquo;Rezultati &#8211; 1. kolo Balkanske lige 2019 (Zagreb)\" \/>\n<meta property=\"og:url\" content=\"https:\/\/strelcibalkana.com\/sr\/rezultati-1-kolo-balkanske-lige-2019-zagreb\/\" \/>\n<meta property=\"og:site_name\" content=\"Strelci Balkana\" \/>\n<meta property=\"article:published_time\" content=\"2019-05-21T05:53:31+00:00\" \/>\n<meta property=\"article:modified_time\" content=\"2020-06-23T06:55:32+00:00\" \/>\n<meta property=\"og:image\" content=\"https:\/\/strelcibalkana.com\/wp-content\/uploads\/2019\/05\/Vrap\u010danski-potok_naslovna.jpg\" \/>\n\t<meta property=\"og:image:width\" content=\"2016\" \/>\n\t<meta property=\"og:image:height\" content=\"1512\" \/>\n\t<meta property=\"og:image:type\" content=\"image\/jpeg\" \/>\n<meta name=\"author\" content=\"Andra\u017e Gradi\u0161nik\" \/>\n<meta name=\"twitter:card\" content=\"summary_large_image\" \/>\n<meta name=\"twitter:label1\" content=\"\u041d\u0430\u043f\u0438\u0441\u0430\u043d\u043e \u043e\u0434\" \/>\n\t<meta name=\"twitter:data1\" content=\"Andra\u017e Gradi\u0161nik\" \/>\n\t<meta name=\"twitter:label2\" content=\"\u041f\u0440\u043e\u0446\u0435\u045a\u0435\u043d\u043e \u0432\u0440\u0435\u043c\u0435 \u0447\u0438\u0442\u0430\u045a\u0430\" \/>\n\t<meta name=\"twitter:data2\" content=\"1 \u043c\u0438\u043d\u0443\u0442\" \/>\n<script type=\"application\/ld+json\" class=\"yoast-schema-graph\">{\"@context\":\"https:\/\/schema.org\",\"@graph\":[{\"@type\":\"Article\",\"@id\":\"https:\/\/strelcibalkana.com\/sr\/rezultati-1-kolo-balkanske-lige-2019-zagreb\/#article\",\"isPartOf\":{\"@id\":\"https:\/\/strelcibalkana.com\/sr\/rezultati-1-kolo-balkanske-lige-2019-zagreb\/\"},\"author\":{\"name\":\"Andra\u017e Gradi\u0161nik\",\"@id\":\"https:\/\/strelcibalkana.com\/sr\/#\/schema\/person\/13a44a310073b0d270b2da9f681614b3\"},\"headline\":\"Rezultati &#8211; 1. kolo Balkanske lige 2019 (Zagreb)\",\"datePublished\":\"2019-05-21T05:53:31+00:00\",\"dateModified\":\"2020-06-23T06:55:32+00:00\",\"mainEntityOfPage\":{\"@id\":\"https:\/\/strelcibalkana.com\/sr\/rezultati-1-kolo-balkanske-lige-2019-zagreb\/\"},\"wordCount\":224,\"commentCount\":0,\"publisher\":{\"@id\":\"https:\/\/strelcibalkana.com\/sr\/#organization\"},\"image\":{\"@id\":\"https:\/\/strelcibalkana.com\/sr\/rezultati-1-kolo-balkanske-lige-2019-zagreb\/#primaryimage\"},\"thumbnailUrl\":\"https:\/\/strelcibalkana.com\/wp-content\/uploads\/2019\/05\/Vrap\u010danski-potok_naslovna.jpg\",\"articleSection\":[\"Long range\"],\"inLanguage\":\"sr-RS\",\"potentialAction\":[{\"@type\":\"CommentAction\",\"name\":\"Comment\",\"target\":[\"https:\/\/strelcibalkana.com\/sr\/rezultati-1-kolo-balkanske-lige-2019-zagreb\/#respond\"]}]},{\"@type\":\"WebPage\",\"@id\":\"https:\/\/strelcibalkana.com\/sr\/rezultati-1-kolo-balkanske-lige-2019-zagreb\/\",\"url\":\"https:\/\/strelcibalkana.com\/sr\/rezultati-1-kolo-balkanske-lige-2019-zagreb\/\",\"name\":\"Rezultati - 1. kolo Balkanske lige 2019 (Zagreb) - Strelci Balkana\",\"isPartOf\":{\"@id\":\"https:\/\/strelcibalkana.com\/sr\/#website\"},\"primaryImageOfPage\":{\"@id\":\"https:\/\/strelcibalkana.com\/sr\/rezultati-1-kolo-balkanske-lige-2019-zagreb\/#primaryimage\"},\"image\":{\"@id\":\"https:\/\/strelcibalkana.com\/sr\/rezultati-1-kolo-balkanske-lige-2019-zagreb\/#primaryimage\"},\"thumbnailUrl\":\"https:\/\/strelcibalkana.com\/wp-content\/uploads\/2019\/05\/Vrap\u010danski-potok_naslovna.jpg\",\"datePublished\":\"2019-05-21T05:53:31+00:00\",\"dateModified\":\"2020-06-23T06:55:32+00:00\",\"breadcrumb\":{\"@id\":\"https:\/\/strelcibalkana.com\/sr\/rezultati-1-kolo-balkanske-lige-2019-zagreb\/#breadcrumb\"},\"inLanguage\":\"sr-RS\",\"potentialAction\":[{\"@type\":\"ReadAction\",\"target\":[\"https:\/\/strelcibalkana.com\/sr\/rezultati-1-kolo-balkanske-lige-2019-zagreb\/\"]}]},{\"@type\":\"ImageObject\",\"inLanguage\":\"sr-RS\",\"@id\":\"https:\/\/strelcibalkana.com\/sr\/rezultati-1-kolo-balkanske-lige-2019-zagreb\/#primaryimage\",\"url\":\"https:\/\/strelcibalkana.com\/wp-content\/uploads\/2019\/05\/Vrap\u010danski-potok_naslovna.jpg\",\"contentUrl\":\"https:\/\/strelcibalkana.com\/wp-content\/uploads\/2019\/05\/Vrap\u010danski-potok_naslovna.jpg\",\"width\":2016,\"height\":1512},{\"@type\":\"BreadcrumbList\",\"@id\":\"https:\/\/strelcibalkana.com\/sr\/rezultati-1-kolo-balkanske-lige-2019-zagreb\/#breadcrumb\",\"itemListElement\":[{\"@type\":\"ListItem\",\"position\":1,\"name\":\"Home\",\"item\":\"https:\/\/strelcibalkana.com\/sr\/\"},{\"@type\":\"ListItem\",\"position\":2,\"name\":\"Rezultati &#8211; 1. kolo Balkanske lige 2019 (Zagreb)\"}]},{\"@type\":\"WebSite\",\"@id\":\"https:\/\/strelcibalkana.com\/sr\/#website\",\"url\":\"https:\/\/strelcibalkana.com\/sr\/\",\"name\":\"Strelci Balkana\",\"description\":\"vse o strelskih tekmovanjih na Balkanu\",\"publisher\":{\"@id\":\"https:\/\/strelcibalkana.com\/sr\/#organization\"},\"potentialAction\":[{\"@type\":\"SearchAction\",\"target\":{\"@type\":\"EntryPoint\",\"urlTemplate\":\"https:\/\/strelcibalkana.com\/sr\/?s={search_term_string}\"},\"query-input\":\"required name=search_term_string\"}],\"inLanguage\":\"sr-RS\"},{\"@type\":\"Organization\",\"@id\":\"https:\/\/strelcibalkana.com\/sr\/#organization\",\"name\":\"Strelci Balkana\",\"url\":\"https:\/\/strelcibalkana.com\/sr\/\",\"logo\":{\"@type\":\"ImageObject\",\"inLanguage\":\"sr-RS\",\"@id\":\"https:\/\/strelcibalkana.com\/sr\/#\/schema\/logo\/image\/\",\"url\":\"https:\/\/strelcibalkana.com\/wp-content\/uploads\/2020\/06\/cropped-strelcibalkana_logotip-12.png\",\"contentUrl\":\"https:\/\/strelcibalkana.com\/wp-content\/uploads\/2020\/06\/cropped-strelcibalkana_logotip-12.png\",\"width\":2748,\"height\":476,\"caption\":\"Strelci Balkana\"},\"image\":{\"@id\":\"https:\/\/strelcibalkana.com\/sr\/#\/schema\/logo\/image\/\"}},{\"@type\":\"Person\",\"@id\":\"https:\/\/strelcibalkana.com\/sr\/#\/schema\/person\/13a44a310073b0d270b2da9f681614b3\",\"name\":\"Andra\u017e Gradi\u0161nik\",\"image\":{\"@type\":\"ImageObject\",\"inLanguage\":\"sr-RS\",\"@id\":\"https:\/\/strelcibalkana.com\/sr\/#\/schema\/person\/image\/\",\"url\":\"https:\/\/secure.gravatar.com\/avatar\/f07061b06fcc798e39ffd85cacfe8b09?s=96&d=mm&r=g\",\"contentUrl\":\"https:\/\/secure.gravatar.com\/avatar\/f07061b06fcc798e39ffd85cacfe8b09?s=96&d=mm&r=g\",\"caption\":\"Andra\u017e Gradi\u0161nik\"},\"description\":\"je urednik na blogu strelcibalkana.com \/is an editor on the blog strelcibalkana.com\/\",\"url\":\"https:\/\/strelcibalkana.com\/sr\/author\/andraz\/\"}]}<\/script>\n<!-- \/ Yoast SEO plugin. -->","yoast_head_json":{"title":"Rezultati - 1. kolo Balkanske lige 2019 (Zagreb) - Strelci Balkana","robots":{"index":"index","follow":"follow","max-snippet":"max-snippet:-1","max-image-preview":"max-image-preview:large","max-video-preview":"max-video-preview:-1"},"canonical":"https:\/\/strelcibalkana.com\/sr\/rezultati-1-kolo-balkanske-lige-2019-zagreb\/","og_locale":"sr_RS","og_type":"article","og_title":"Rezultati - 1. kolo Balkanske lige 2019 (Zagreb) - Strelci Balkana","og_description":"Rezultati: F-TR 300 Pojedinacno F-TR 300 Ekipno F-TR 100 Pojedinacno F-TR 100 Ekipno F-TR .22 Pojedinacno F-TR .22 Ekipno F-OP 300 Pojedinacno F-OP 300 Ekipno F-OP 100 Pojedinacno F-OP 100&hellip;&nbsp;\u041f\u0440\u043e\u0447\u0438\u0442\u0430\u0458 \u0432\u0438\u0448\u0435 &raquo;Rezultati &#8211; 1. kolo Balkanske lige 2019 (Zagreb)","og_url":"https:\/\/strelcibalkana.com\/sr\/rezultati-1-kolo-balkanske-lige-2019-zagreb\/","og_site_name":"Strelci Balkana","article_published_time":"2019-05-21T05:53:31+00:00","article_modified_time":"2020-06-23T06:55:32+00:00","og_image":[{"width":2016,"height":1512,"url":"https:\/\/strelcibalkana.com\/wp-content\/uploads\/2019\/05\/Vrap\u010danski-potok_naslovna.jpg","type":"image\/jpeg"}],"author":"Andra\u017e Gradi\u0161nik","twitter_card":"summary_large_image","twitter_misc":{"\u041d\u0430\u043f\u0438\u0441\u0430\u043d\u043e \u043e\u0434":"Andra\u017e Gradi\u0161nik","\u041f\u0440\u043e\u0446\u0435\u045a\u0435\u043d\u043e \u0432\u0440\u0435\u043c\u0435 \u0447\u0438\u0442\u0430\u045a\u0430":"1 \u043c\u0438\u043d\u0443\u0442"},"schema":{"@context":"https:\/\/schema.org","@graph":[{"@type":"Article","@id":"https:\/\/strelcibalkana.com\/sr\/rezultati-1-kolo-balkanske-lige-2019-zagreb\/#article","isPartOf":{"@id":"https:\/\/strelcibalkana.com\/sr\/rezultati-1-kolo-balkanske-lige-2019-zagreb\/"},"author":{"name":"Andra\u017e Gradi\u0161nik","@id":"https:\/\/strelcibalkana.com\/sr\/#\/schema\/person\/13a44a310073b0d270b2da9f681614b3"},"headline":"Rezultati &#8211; 1. kolo Balkanske lige 2019 (Zagreb)","datePublished":"2019-05-21T05:53:31+00:00","dateModified":"2020-06-23T06:55:32+00:00","mainEntityOfPage":{"@id":"https:\/\/strelcibalkana.com\/sr\/rezultati-1-kolo-balkanske-lige-2019-zagreb\/"},"wordCount":224,"commentCount":0,"publisher":{"@id":"https:\/\/strelcibalkana.com\/sr\/#organization"},"image":{"@id":"https:\/\/strelcibalkana.com\/sr\/rezultati-1-kolo-balkanske-lige-2019-zagreb\/#primaryimage"},"thumbnailUrl":"https:\/\/strelcibalkana.com\/wp-content\/uploads\/2019\/05\/Vrap\u010danski-potok_naslovna.jpg","articleSection":["Long range"],"inLanguage":"sr-RS","potentialAction":[{"@type":"CommentAction","name":"Comment","target":["https:\/\/strelcibalkana.com\/sr\/rezultati-1-kolo-balkanske-lige-2019-zagreb\/#respond"]}]},{"@type":"WebPage","@id":"https:\/\/strelcibalkana.com\/sr\/rezultati-1-kolo-balkanske-lige-2019-zagreb\/","url":"https:\/\/strelcibalkana.com\/sr\/rezultati-1-kolo-balkanske-lige-2019-zagreb\/","name":"Rezultati - 1. kolo Balkanske lige 2019 (Zagreb) - Strelci Balkana","isPartOf":{"@id":"https:\/\/strelcibalkana.com\/sr\/#website"},"primaryImageOfPage":{"@id":"https:\/\/strelcibalkana.com\/sr\/rezultati-1-kolo-balkanske-lige-2019-zagreb\/#primaryimage"},"image":{"@id":"https:\/\/strelcibalkana.com\/sr\/rezultati-1-kolo-balkanske-lige-2019-zagreb\/#primaryimage"},"thumbnailUrl":"https:\/\/strelcibalkana.com\/wp-content\/uploads\/2019\/05\/Vrap\u010danski-potok_naslovna.jpg","datePublished":"2019-05-21T05:53:31+00:00","dateModified":"2020-06-23T06:55:32+00:00","breadcrumb":{"@id":"https:\/\/strelcibalkana.com\/sr\/rezultati-1-kolo-balkanske-lige-2019-zagreb\/#breadcrumb"},"inLanguage":"sr-RS","potentialAction":[{"@type":"ReadAction","target":["https:\/\/strelcibalkana.com\/sr\/rezultati-1-kolo-balkanske-lige-2019-zagreb\/"]}]},{"@type":"ImageObject","inLanguage":"sr-RS","@id":"https:\/\/strelcibalkana.com\/sr\/rezultati-1-kolo-balkanske-lige-2019-zagreb\/#primaryimage","url":"https:\/\/strelcibalkana.com\/wp-content\/uploads\/2019\/05\/Vrap\u010danski-potok_naslovna.jpg","contentUrl":"https:\/\/strelcibalkana.com\/wp-content\/uploads\/2019\/05\/Vrap\u010danski-potok_naslovna.jpg","width":2016,"height":1512},{"@type":"BreadcrumbList","@id":"https:\/\/strelcibalkana.com\/sr\/rezultati-1-kolo-balkanske-lige-2019-zagreb\/#breadcrumb","itemListElement":[{"@type":"ListItem","position":1,"name":"Home","item":"https:\/\/strelcibalkana.com\/sr\/"},{"@type":"ListItem","position":2,"name":"Rezultati &#8211; 1. kolo Balkanske lige 2019 (Zagreb)"}]},{"@type":"WebSite","@id":"https:\/\/strelcibalkana.com\/sr\/#website","url":"https:\/\/strelcibalkana.com\/sr\/","name":"Strelci Balkana","description":"vse o strelskih tekmovanjih na Balkanu","publisher":{"@id":"https:\/\/strelcibalkana.com\/sr\/#organization"},"potentialAction":[{"@type":"SearchAction","target":{"@type":"EntryPoint","urlTemplate":"https:\/\/strelcibalkana.com\/sr\/?s={search_term_string}"},"query-input":"required name=search_term_string"}],"inLanguage":"sr-RS"},{"@type":"Organization","@id":"https:\/\/strelcibalkana.com\/sr\/#organization","name":"Strelci Balkana","url":"https:\/\/strelcibalkana.com\/sr\/","logo":{"@type":"ImageObject","inLanguage":"sr-RS","@id":"https:\/\/strelcibalkana.com\/sr\/#\/schema\/logo\/image\/","url":"https:\/\/strelcibalkana.com\/wp-content\/uploads\/2020\/06\/cropped-strelcibalkana_logotip-12.png","contentUrl":"https:\/\/strelcibalkana.com\/wp-content\/uploads\/2020\/06\/cropped-strelcibalkana_logotip-12.png","width":2748,"height":476,"caption":"Strelci Balkana"},"image":{"@id":"https:\/\/strelcibalkana.com\/sr\/#\/schema\/logo\/image\/"}},{"@type":"Person","@id":"https:\/\/strelcibalkana.com\/sr\/#\/schema\/person\/13a44a310073b0d270b2da9f681614b3","name":"Andra\u017e Gradi\u0161nik","image":{"@type":"ImageObject","inLanguage":"sr-RS","@id":"https:\/\/strelcibalkana.com\/sr\/#\/schema\/person\/image\/","url":"https:\/\/secure.gravatar.com\/avatar\/f07061b06fcc798e39ffd85cacfe8b09?s=96&d=mm&r=g","contentUrl":"https:\/\/secure.gravatar.com\/avatar\/f07061b06fcc798e39ffd85cacfe8b09?s=96&d=mm&r=g","caption":"Andra\u017e Gradi\u0161nik"},"description":"je urednik na blogu strelcibalkana.com \/is an editor on the blog strelcibalkana.com\/","url":"https:\/\/strelcibalkana.com\/sr\/author\/andraz\/"}]}},"jetpack_sharing_enabled":true,"jetpack_featured_media_url":"https:\/\/strelcibalkana.com\/wp-content\/uploads\/2019\/05\/Vrap\u010danski-potok_naslovna.jpg","amp_enabled":true,"_links":{"self":[{"href":"https:\/\/strelcibalkana.com\/sr\/wp-json\/wp\/v2\/posts\/1345"}],"collection":[{"href":"https:\/\/strelcibalkana.com\/sr\/wp-json\/wp\/v2\/posts"}],"about":[{"href":"https:\/\/strelcibalkana.com\/sr\/wp-json\/wp\/v2\/types\/post"}],"author":[{"embeddable":true,"href":"https:\/\/strelcibalkana.com\/sr\/wp-json\/wp\/v2\/users\/3"}],"replies":[{"embeddable":true,"href":"https:\/\/strelcibalkana.com\/sr\/wp-json\/wp\/v2\/comments?post=1345"}],"version-history":[{"count":2,"href":"https:\/\/strelcibalkana.com\/sr\/wp-json\/wp\/v2\/posts\/1345\/revisions"}],"predecessor-version":[{"id":1347,"href":"https:\/\/strelcibalkana.com\/sr\/wp-json\/wp\/v2\/posts\/1345\/revisions\/1347"}],"wp:featuredmedia":[{"embeddable":true,"href":"https:\/\/strelcibalkana.com\/sr\/wp-json\/wp\/v2\/media\/1358"}],"wp:attachment":[{"href":"https:\/\/strelcibalkana.com\/sr\/wp-json\/wp\/v2\/media?parent=1345"}],"wp:term":[{"taxonomy":"category","embeddable":true,"href":"https:\/\/strelcibalkana.com\/sr\/wp-json\/wp\/v2\/categories?post=1345"},{"taxonomy":"post_tag","embeddable":true,"href":"https:\/\/strelcibalkana.com\/sr\/wp-json\/wp\/v2\/tags?post=1345"}],"curies":[{"name":"wp","href":"https:\/\/api.w.org\/{rel}","templated":true}]}}